{"id":21,"date":"2016-05-18T10:00:00","date_gmt":"2016-05-18T16:00:00","guid":{"rendered":"http:\/\/dawnwitzke.com\/CatholicUnderground\/?p=21"},"modified":"2016-05-18T14:53:50","modified_gmt":"2016-05-18T20:53:50","slug":"its-saint-john-paul-the-greats-and-aadis-birthday","status":"publish","type":"post","link":"http:\/\/dawnwitzke.com\/CatholicUnderground\/its-saint-john-paul-the-greats-and-aadis-birthday\/","title":{"rendered":"It&#8217;s Saint John Paul the Great&#8217;s (and Aadi&#8217;s) Birthday"},"content":{"rendered":"<p>Hey, it&#8217;s Mischa.<\/p>\n<p>Aadi didn&#8217;t want me to tell anyone that it&#8217;s her birthday. \u00a0So I won&#8217;t. I&#8217;ll tell you instead that it&#8217;s\u00a0Saint John Paul the Great&#8217;s birthday.<\/p>\n<p><img loading=\"lazy\" decoding=\"async\" class=\"aligncenter size-medium wp-image-25\" src=\"http:\/\/dawnwitzke.com\/CatholicUnderground\/wp-content\/uploads\/2016\/05\/Jan_Pawe\u0142_II_portret_Z._Koty\u0142\u0142o-203x300.jpg\" alt=\"Jan_Pawe\u0142_II_portret_Z._Koty\u0142\u0142o\" width=\"203\" height=\"300\" srcset=\"http:\/\/dawnwitzke.com\/CatholicUnderground\/wp-content\/uploads\/2016\/05\/Jan_Pawe\u0142_II_portret_Z._Koty\u0142\u0142o-203x300.jpg 203w, http:\/\/dawnwitzke.com\/CatholicUnderground\/wp-content\/uploads\/2016\/05\/Jan_Pawe\u0142_II_portret_Z._Koty\u0142\u0142o-768x1137.jpg 768w, http:\/\/dawnwitzke.com\/CatholicUnderground\/wp-content\/uploads\/2016\/05\/Jan_Pawe\u0142_II_portret_Z._Koty\u0142\u0142o-692x1024.jpg 692w, http:\/\/dawnwitzke.com\/CatholicUnderground\/wp-content\/uploads\/2016\/05\/Jan_Pawe\u0142_II_portret_Z._Koty\u0142\u0142o.jpg 1149w\" sizes=\"auto, (max-width: 203px) 100vw, 203px\" \/><\/p>\n<p>Karol Wojtyla (Why-toe-la) was born May 1, 1920 in Poland. He served as Pope of the Catholic Church under the name John Paul II from 1978 until his death on April 2, 2005. On May 1, 2011, he was beatified.<\/p>\n<p>Did you know that there was an assassination attempt on May 13, 1980?\u00a0Mehmet Ali A\u011fca shot him 4 times in Saint Peter&#8217;s Square. The Saint later forgave the man for trying to kill him.<\/p>\n<p>Join me today in saying the <a href=\"https:\/\/www.youtube.com\/watch?v=1B91RUv2lI8\">Salve Regina<\/a> in his (and Aadi&#8217;s) honor. It&#8217;s Aadi&#8217;s favorite prayer.<\/p>\n<p><em>Post your birthday wishes in the comments below.<\/em><\/p>\n","protected":false},"excerpt":{"rendered":"<p>Hey, it&#8217;s Mischa. Aadi didn&#8217;t want me to tell anyone that it&#8217;s her birthday. \u00a0So I won&#8217;t. I&#8217;ll tell you instead that it&#8217;s\u00a0Saint John Paul the Great&#8217;s birthday. Karol Wojtyla (Why-toe-la) was born May 1, 1920 in Poland. He served as Pope of the Catholic Church under the name John Paul II from 1978 until [&hellip;]<\/p>\n","protected":false},"author":1,"featured_media":0,"comment_status":"open","ping_status":"open","sticky":false,"template":"","format":"standard","meta":{"jetpack_post_was_ever_published":false,"_jetpack_newsletter_access":"","_jetpack_dont_email_post_to_subs":false,"_jetpack_newsletter_tier_id":0,"_jetpack_memberships_contains_paywalled_content":false,"_jetpack_memberships_contains_paid_content":false,"footnotes":"","jetpack_publicize_message":"","jetpack_publicize_feature_enabled":true,"jetpack_social_post_already_shared":true,"jetpack_social_options":{"image_generator_settings":{"template":"highway","enabled":false},"version":2}},"categories":[3,5],"tags":[18,17,16],"class_list":["post-21","post","type-post","status-publish","format-standard","hentry","category-commentary-by-mischa","category-saints","tag-assassination","tag-birthday","tag-saint-john-paul-the-great"],"jetpack_publicize_connections":[],"jetpack_featured_media_url":"","jetpack_shortlink":"https:\/\/wp.me\/p7xtYd-l","jetpack_likes_enabled":true,"jetpack_sharing_enabled":true,"_links":{"self":[{"href":"http:\/\/dawnwitzke.com\/CatholicUnderground\/wp-json\/wp\/v2\/posts\/21","targetHints":{"allow":["GET"]}}],"collection":[{"href":"http:\/\/dawnwitzke.com\/CatholicUnderground\/wp-json\/wp\/v2\/posts"}],"about":[{"href":"http:\/\/dawnwitzke.com\/CatholicUnderground\/wp-json\/wp\/v2\/types\/post"}],"author":[{"embeddable":true,"href":"http:\/\/dawnwitzke.com\/CatholicUnderground\/wp-json\/wp\/v2\/users\/1"}],"replies":[{"embeddable":true,"href":"http:\/\/dawnwitzke.com\/CatholicUnderground\/wp-json\/wp\/v2\/comments?post=21"}],"version-history":[{"count":6,"href":"http:\/\/dawnwitzke.com\/CatholicUnderground\/wp-json\/wp\/v2\/posts\/21\/revisions"}],"predecessor-version":[{"id":147,"href":"http:\/\/dawnwitzke.com\/CatholicUnderground\/wp-json\/wp\/v2\/posts\/21\/revisions\/147"}],"wp:attachment":[{"href":"http:\/\/dawnwitzke.com\/CatholicUnderground\/wp-json\/wp\/v2\/media?parent=21"}],"wp:term":[{"taxonomy":"category","embeddable":true,"href":"http:\/\/dawnwitzke.com\/CatholicUnderground\/wp-json\/wp\/v2\/categories?post=21"},{"taxonomy":"post_tag","embeddable":true,"href":"http:\/\/dawnwitzke.com\/CatholicUnderground\/wp-json\/wp\/v2\/tags?post=21"}],"curies":[{"name":"wp","href":"https:\/\/api.w.org\/{rel}","templated":true}]}}